{"id":2347,"date":"2026-04-27T03:16:25","date_gmt":"2026-04-27T06:16:25","guid":{"rendered":"https:\/\/www.tomiozzo.med.br\/?p=2347"},"modified":"2026-04-27T03:20:50","modified_gmt":"2026-04-27T06:20:50","slug":"transtorno-de-deficit-de-atencao-e-hiperatividade-tdah","status":"publish","type":"post","link":"https:\/\/www.tomiozzo.med.br\/?p=2347","title":{"rendered":"Transtorno de D\u00e9ficit de Aten\u00e7\u00e3o e Hiperatividade (TDAH)"},"content":{"rendered":"\n<p id=\"block-7b3afa72-4852-4ac0-9084-15da505e9d21\">O transtorno de d\u00e9ficit de aten\u00e7\u00e3o e hiperatividade (TDAH) \u00e9 uma condi\u00e7\u00e3o neurobiol\u00f3gica caracterizada por dificuldades persistentes de aten\u00e7\u00e3o, impulsividade e, em alguns casos, hiperatividade. Para o diagn\u00f3stico, \u00e9 necess\u00e1rio que os sintomas estejam presentes antes dos 12 anos de idade, conforme estabelecido pelo DSM-5-TR <em>(Manual Diagn\u00f3stico e Estat\u00edstico dos Transtornos Mentais &#8211; 5\u00aa Edi\u00e7\u00e3o)<\/em>. Embora alguns sintomas possam persistir ao longo da vida, o quadro tende a apresentar atenua\u00e7\u00e3o na adolesc\u00eancia, especialmente ap\u00f3s os 14 anos. Em adultos, o diagn\u00f3stico deve ser feito com cautela e requer a confirma\u00e7\u00e3o clara de sintomas desde a inf\u00e2ncia, pois quadros iniciados apenas na vida adulta frequentemente est\u00e3o relacionados a outras condi\u00e7\u00f5es cl\u00ednicas ou psicol\u00f3gicas.<\/p>\n\n\n\n<p id=\"block-7599e25c-7690-4e43-b6d6-3ad68d9ebce0\">Os principais sintomas incluem dificuldade de concentra\u00e7\u00e3o, esquecimentos frequentes, desorganiza\u00e7\u00e3o, dificuldade em concluir tarefas, tend\u00eancia a interromper os outros, agir sem pensar e inquieta\u00e7\u00e3o. Esses sintomas podem impactar o desempenho escolar, profissional, social e emocional.<\/p>\n\n\n\n<h2 class=\"wp-block-heading\" id=\"block-a319d117-952f-40b7-a488-608dcf8784b7\">Crit\u00e9rios diagn\u00f3sticos (DSM-5-TR)<\/h2>\n\n\n\n<p id=\"block-c3c91739-3d76-4df8-b274-c495b9cb5517\">De acordo com o Manual Diagn\u00f3stico e Estat\u00edstico de Transtornos Mentais (DSM-5-TR), o diagn\u00f3stico do TDAH \u00e9 cl\u00ednico e baseado na presen\u00e7a de um padr\u00e3o persistente de desaten\u00e7\u00e3o e\/ou hiperatividade-impulsividade que interfere no funcionamento ou desenvolvimento.<\/p>\n\n\n\n<p id=\"block-9cc43930-b6bf-47d1-933e-5a5e8473ef77\">Os principais crit\u00e9rios incluem:<\/p>\n\n\n\n<ul id=\"block-28b94fee-3579-43fe-8b19-7a824524e1bd\" class=\"wp-block-list\">\n<li>Presen\u00e7a de sintomas por pelo menos 6 meses, em intensidade incompat\u00edvel com o n\u00edvel de desenvolvimento;<\/li>\n\n\n\n<li>In\u00edcio dos sintomas antes dos 12 anos de idade;<\/li>\n\n\n\n<li>Presen\u00e7a dos sintomas em dois ou mais contextos (por exemplo, casa, escola ou trabalho);<\/li>\n\n\n\n<li>Evid\u00eancia clara de preju\u00edzo funcional (acad\u00eamico, profissional ou social);<\/li>\n\n\n\n<li>Exclus\u00e3o de outras condi\u00e7\u00f5es que possam explicar melhor os sintomas.<\/li>\n<\/ul>\n\n\n\n<p id=\"block-c8f42eaa-9c1c-4172-a488-615d3219f25a\">O DSM-5-TR classifica o TDAH em tr\u00eas apresenta\u00e7\u00f5es: predominantemente desatenta, predominantemente hiperativa\/impulsiva e apresenta\u00e7\u00e3o combinada.<\/p>\n\n\n\n<h2 class=\"wp-block-heading\" id=\"block-2ee171e6-0bac-48de-8000-49b4e95a32a7\">Crit\u00e9rios de exclus\u00e3o e diagn\u00f3sticos diferenciais<\/h2>\n\n\n\n<p id=\"block-bbb11d42-8f4c-4576-896d-364987affa69\">\u00c9 fundamental destacar que nem toda dificuldade de aten\u00e7\u00e3o corresponde a TDAH. Diversas condi\u00e7\u00f5es cl\u00ednicas, psiqui\u00e1tricas e fatores ambientais podem causar sintomas semelhantes e devem ser cuidadosamente avaliados antes de se estabelecer o diagn\u00f3stico.<\/p>\n\n\n\n<p id=\"block-3100df51-68ba-4bc6-9f76-289fcb02b80a\">Entre os principais diagn\u00f3sticos diferenciais, destacam-se:<\/p>\n\n\n\n<ul id=\"block-a32b9a12-57bf-4525-a6c2-256d3cc5bc9b\" class=\"wp-block-list\">\n<li>Transtornos de ansiedade;<\/li>\n\n\n\n<li>Depress\u00e3o;<\/li>\n\n\n\n<li>Transtornos do sono, como ins\u00f4nia ou apneia do sono;<\/li>\n\n\n\n<li>Uso de subst\u00e2ncias ou efeitos de medicamentos;<\/li>\n\n\n\n<li>Transtornos de aprendizagem;<\/li>\n\n\n\n<li>Estresse cr\u00f4nico e sobrecarga emocional;<\/li>\n\n\n\n<li>Transtornos do espectro autista;<\/li>\n\n\n\n<li>Condi\u00e7\u00f5es neurol\u00f3gicas ou cl\u00ednicas que afetem a cogni\u00e7\u00e3o.<\/li>\n<\/ul>\n\n\n\n<p id=\"block-32fbc777-19d8-41bc-909a-04f40031b176\">Al\u00e9m disso, fatores como priva\u00e7\u00e3o de sono, excesso de est\u00edmulos digitais, rotina desorganizada e demandas ambientais elevadas podem contribuir para sintomas de desaten\u00e7\u00e3o e dificuldade de concentra\u00e7\u00e3o, sem que haja TDAH.<\/p>\n\n\n\n<p id=\"block-5685bd2f-312a-4909-b845-11d95ec7e25e\">Uma avalia\u00e7\u00e3o especializada \u00e9 essencial para um diagn\u00f3stico correto, evitando tanto o subdiagn\u00f3stico quanto o diagn\u00f3stico excessivo.<\/p>\n\n\n\n<h2 class=\"wp-block-heading\" id=\"block-7765d430-d481-40b2-aa7a-1a23e5515b35\">Tratamento<\/h2>\n\n\n\n<p id=\"block-573f6f13-99d7-4bed-8361-c4ab6db236ec\">O tratamento do TDAH \u00e9 individualizado e pode incluir:<\/p>\n\n\n\n<ul id=\"block-6e51d5ef-5bc7-4130-b53c-8ce48eec70c7\" class=\"wp-block-list\">\n<li>Psicoeduca\u00e7\u00e3o;<\/li>\n\n\n\n<li>Terapia cognitivo-comportamental;<\/li>\n\n\n\n<li>Uso de medica\u00e7\u00f5es, quando indicado;<\/li>\n\n\n\n<li>Estrat\u00e9gias de organiza\u00e7\u00e3o e planejamento;<\/li>\n\n\n\n<li>Orienta\u00e7\u00f5es para familiares e escola, no caso de crian\u00e7as e adolescentes.<\/li>\n<\/ul>\n\n\n\n<p id=\"block-3a474837-94db-4597-833c-7a2a7272de15\">Com diagn\u00f3stico adequado e abordagem terap\u00eautica correta, \u00e9 poss\u00edvel melhorar significativamente a qualidade de vida, o desempenho nas atividades di\u00e1rias e as rela\u00e7\u00f5es interpessoais.<\/p>\n\n\n\n<p id=\"block-c983b51c-dae6-4b40-8044-2fb4a431874e\"><\/p>\n\n\n\n<p id=\"block-fa364658-fb14-4475-a8d3-a906705e4184\">Para um diagn\u00f3stico e tratamento adequado \u00e9 fundamental uma avalia\u00e7\u00e3o m\u00e9dica (neurol\u00f3gica), geralmente associada a avalia\u00e7\u00f5es multidisciplinares (psicoterapia, avalia\u00e7\u00e3o psicodiagn\u00f3stica, hist\u00f3rico de desempenho escolar, etc.)<\/p>\n\n\n\n<p id=\"block-d2beaa0d-b164-43b0-a679-3da3c8962ae0\"><\/p>\n\n\n\n<h2 class=\"wp-block-heading\" id=\"block-45aa4e95-e76d-47cf-973b-b912643785ea\">Refer\u00eancias<\/h2>\n\n\n\n<ul id=\"block-9e4b2ef3-52f0-4f9f-af93-02bd0b512775\" class=\"wp-block-list\">\n<li class=\"has-small-font-size\">AMERICAN PSYCHIATRIC ASSOCIATION. Manual Diagn\u00f3stico e Estat\u00edstico de Transtornos Mentais: DSM-5-TR. 5. ed. rev. Porto Alegre: Artmed, 2023.<\/li>\n\n\n\n<li class=\"has-small-font-size\">ORGANIZA\u00c7\u00c3O MUNDIAL DA SA\u00daDE. Classifica\u00e7\u00e3o Internacional de Doen\u00e7as \u2013 CID-11. Genebra: OMS, 2019.<\/li>\n\n\n\n<li class=\"has-small-font-size\">BARKLEY, Russell A. Transtorno de D\u00e9ficit de Aten\u00e7\u00e3o\/Hiperatividade: guia completo para diagn\u00f3stico e tratamento. 4. ed. Porto Alegre: Artmed, 2018.<\/li>\n\n\n\n<li class=\"has-small-font-size\">NICE \u2013 NATIONAL INSTITUTE FOR HEALTH AND CARE EXCELLENCE. Attention deficit hyperactivity disorder: diagnosis and management. Londres: NICE, 2019.<\/li>\n\n\n\n<li class=\"has-small-font-size\">ROHDE, Luis Augusto; HALPERN, Ricardo. Transtorno de d\u00e9ficit de aten\u00e7\u00e3o\/hiperatividade: atualiza\u00e7\u00e3o. Jornal de Pediatria, Porto Alegre, v. 80, n. 2, p. S61-S70, 2004.<\/li>\n<\/ul>\n","protected":false},"excerpt":{"rendered":"<p>O transtorno de d\u00e9ficit de aten\u00e7\u00e3o e hiperatividade (TDAH) \u00e9 uma condi\u00e7\u00e3o neurobiol\u00f3gica caracterizada por dificuldades persistentes de aten\u00e7\u00e3o, impulsividade e, em alguns casos, hiperatividade. Para o diagn\u00f3stico, \u00e9 necess\u00e1rio que os sintomas estejam presentes antes dos 12 anos de idade, conforme estabelecido pelo DSM-5-TR (Manual Diagn\u00f3stico e Estat\u00edstico dos Transtornos Mentais &#8211; 5\u00aa Edi\u00e7\u00e3o).<\/p>\n<div class=\"view-full-post\"><a href=\"https:\/\/www.tomiozzo.med.br\/?p=2347\" class=\"view-full-post-btn\">View Full Post<\/a><\/div>\n","protected":false},"author":1,"featured_media":0,"comment_status":"closed","ping_status":"closed","sticky":false,"template":"","format":"standard","meta":{"footnotes":""},"categories":[9],"tags":[],"class_list":["post-2347","post","type-post","status-publish","format-standard","hentry","category-informacoes-aos-pacientes"],"_links":{"self":[{"href":"https:\/\/www.tomiozzo.med.br\/index.php?rest_route=\/wp\/v2\/posts\/2347","targetHints":{"allow":["GET"]}}],"collection":[{"href":"https:\/\/www.tomiozzo.med.br\/index.php?rest_route=\/wp\/v2\/posts"}],"about":[{"href":"https:\/\/www.tomiozzo.med.br\/index.php?rest_route=\/wp\/v2\/types\/post"}],"author":[{"embeddable":true,"href":"https:\/\/www.tomiozzo.med.br\/index.php?rest_route=\/wp\/v2\/users\/1"}],"replies":[{"embeddable":true,"href":"https:\/\/www.tomiozzo.med.br\/index.php?rest_route=%2Fwp%2Fv2%2Fcomments&post=2347"}],"version-history":[{"count":1,"href":"https:\/\/www.tomiozzo.med.br\/index.php?rest_route=\/wp\/v2\/posts\/2347\/revisions"}],"predecessor-version":[{"id":2348,"href":"https:\/\/www.tomiozzo.med.br\/index.php?rest_route=\/wp\/v2\/posts\/2347\/revisions\/2348"}],"wp:attachment":[{"href":"https:\/\/www.tomiozzo.med.br\/index.php?rest_route=%2Fwp%2Fv2%2Fmedia&parent=2347"}],"wp:term":[{"taxonomy":"category","embeddable":true,"href":"https:\/\/www.tomiozzo.med.br\/index.php?rest_route=%2Fwp%2Fv2%2Fcategories&post=2347"},{"taxonomy":"post_tag","embeddable":true,"href":"https:\/\/www.tomiozzo.med.br\/index.php?rest_route=%2Fwp%2Fv2%2Ftags&post=2347"}],"curies":[{"name":"wp","href":"https:\/\/api.w.org\/{rel}","templated":true}]}}